{"id":3459,"date":"2026-04-28T10:21:15","date_gmt":"2026-04-28T08:21:15","guid":{"rendered":"https:\/\/thommen-law.ch\/?p=3459"},"modified":"2026-04-28T11:16:41","modified_gmt":"2026-04-28T09:16:41","slug":"dual-use-goods-classification-under-control","status":"publish","type":"post","link":"https:\/\/thommen-law.ch\/en\/2026\/04\/28\/dual-use-goods-classification-under-control\/","title":{"rendered":"Dual-Use Goods Classification Under Control? An Overview and Practical Short Guide"},"content":{"rendered":"\t\t<div data-elementor-type=\"wp-post\" data-elementor-id=\"3459\" class=\"elementor elementor-3459 elementor-3458\" data-elementor-post-type=\"post\">\n\t\t\t\t\t\t<section class=\"elementor-section elementor-top-section elementor-element elementor-element-3d811700 elementor-section-boxed elementor-section-height-default elementor-section-height-default\" data-id=\"3d811700\" data-element_type=\"section\" data-e-type=\"section\">\n\t\t\t\t\t\t<div class=\"elementor-container elementor-column-gap-default\">\n\t\t\t\t\t<div class=\"elementor-column elementor-col-100 elementor-top-column elementor-element elementor-element-31f40c53\" data-id=\"31f40c53\" data-element_type=\"column\" data-e-type=\"column\">\n\t\t\t<div class=\"elementor-widget-wrap elementor-element-populated\">\n\t\t\t\t\t\t<div class=\"elementor-element elementor-element-76f04ae4 elementor-widget elementor-widget-heading\" data-id=\"76f04ae4\" data-element_type=\"widget\" data-e-type=\"widget\" id=\"anccc\" data-widget_type=\"heading.default\">\n\t\t\t\t<div class=\"elementor-widget-container\">\n\t\t\t\t\t<h4 class=\"elementor-heading-title elementor-size-default\">Published on 28 April 2026<\/h4>\t\t\t\t<\/div>\n\t\t\t\t<\/div>\n\t\t\t\t<div class=\"elementor-element elementor-element-3c797375 elementor-widget elementor-widget-heading\" data-id=\"3c797375\" data-element_type=\"widget\" data-e-type=\"widget\" data-widget_type=\"heading.default\">\n\t\t\t\t<div class=\"elementor-widget-container\">\n\t\t\t\t\t<h2 class=\"elementor-heading-title elementor-size-default\">Dual-Use Goods Classification Under Control? An Overview and Practical Short Guide<\/h2>\t\t\t\t<\/div>\n\t\t\t\t<\/div>\n\t\t\t\t<section class=\"elementor-section elementor-inner-section elementor-element elementor-element-26577921 elementor-section-full_width elementor-section-height-default elementor-section-height-default\" data-id=\"26577921\" data-element_type=\"section\" data-e-type=\"section\">\n\t\t\t\t\t\t<div class=\"elementor-container elementor-column-gap-default\">\n\t\t\t\t\t<div class=\"elementor-column elementor-col-100 elementor-inner-column elementor-element elementor-element-5041a5d4\" data-id=\"5041a5d4\" data-element_type=\"column\" data-e-type=\"column\">\n\t\t\t<div class=\"elementor-widget-wrap elementor-element-populated\">\n\t\t\t\t\t\t<div class=\"elementor-element elementor-element-524d0865 elementor-widget elementor-widget-image\" data-id=\"524d0865\" data-element_type=\"widget\" data-e-type=\"widget\" data-widget_type=\"image.default\">\n\t\t\t\t<div class=\"elementor-widget-container\">\n\t\t\t\t\t\t\t\t\t\t\t\t\t\t\t<img decoding=\"async\" src=\"https:\/\/thommen-law.ch\/wp-content\/uploads\/elementor\/thumbs\/adueck-ariane-86444-def-rmntg5ezkm8ptv8wecd9uk2vn4o3aylepx0yl6th28.jpg\" title=\"adueck-ariane-86444 def\" alt=\"adueck-ariane-86444 def\" loading=\"lazy\" \/>\t\t\t\t\t\t\t\t\t\t\t\t\t\t\t<\/div>\n\t\t\t\t<\/div>\n\t\t\t\t\t<\/div>\n\t\t<\/div>\n\t\t\t\t\t<\/div>\n\t\t<\/section>\n\t\t\t\t\t<\/div>\n\t\t<\/div>\n\t\t\t\t\t<\/div>\n\t\t<\/section>\n\t\t\t\t<section class=\"elementor-section elementor-top-section elementor-element elementor-element-e5e2aea elementor-section-boxed elementor-section-height-default elementor-section-height-default\" data-id=\"e5e2aea\" data-element_type=\"section\" data-e-type=\"section\">\n\t\t\t\t\t\t<div class=\"elementor-container elementor-column-gap-default\">\n\t\t\t\t\t<div class=\"elementor-column elementor-col-100 elementor-top-column elementor-element elementor-element-aec5afd\" data-id=\"aec5afd\" data-element_type=\"column\" data-e-type=\"column\">\n\t\t\t<div class=\"elementor-widget-wrap elementor-element-populated\">\n\t\t\t\t\t\t<div class=\"elementor-element elementor-element-b18e9c3 elementor-widget elementor-widget-text-editor\" data-id=\"b18e9c3\" data-element_type=\"widget\" data-e-type=\"widget\" data-widget_type=\"text-editor.default\">\n\t\t\t\t<div class=\"elementor-widget-container\">\n\t\t\t\t\t\t\t\t\t<p style=\"font-weight: 400;\"><strong>EINLEITUNG<\/strong><\/p><p style=\"font-weight: 400;\">Im Beitrag \u00ab<a href=\"https:\/\/www.linkedin.com\/feed\/update\/urn:li:activity:7353381612245372929\/\">G\u00fcterkontrolle beim Export von Dual-Use-G\u00fctern im Griff? Eine Kurzanleitung<\/a>\u00bb wurden die Grunds\u00e4tze der Exportkontrolle von Dual-Use G\u00fctern erl\u00e4utert. Der eigentliche Prozess der G\u00fcterklassifizierung wurde allerdings nur am Rande ber\u00fchrt, da eine ausf\u00fchrlichere Behandlung den Rahmen gesprengt h\u00e4tte.<\/p><p style=\"font-weight: 400;\">Die G\u00fcterklassifizierung bildet jedoch der Kern- und Angelpunkt der G\u00fcterkontrolle: Sie beantwortet die zentrale Frage, ob ein Gut ein im Sinne des G\u00fcterkontrollgesetzes<sup>[1]<\/sup> bzw. der Anh\u00e4nge der G\u00fcterkontrollverordnung<sup>[2]<\/sup> als kontrolliertes Gut zu qualifizieren ist und infolgedessen der Export einer Bewilligung des SECO bedarf.<\/p><p style=\"font-weight: 400;\">Die G\u00fcterkontrolle im Allgemeinen und insbesondere die Klassifizierung von Dual-Use-G\u00fctern stellt f\u00fcr exportierende Unternehmen in der Praxis oft eine besondere Herausforderung dar. Vor allem KMU ohne spezialisierte Exportkontrollabteilung oder externe Berater ohne vertiefte Kenntnisse im G\u00fcterkontrollrecht haben h\u00e4ufig Schwierigkeiten, die Anh\u00e4nge 1 und 2 der G\u00fcterkontrollverordnung korrekt zu erschliessen \u2013 unter anderem, weil die im Anhang 1 GVK massgeblichen \u00abBegriffsbestimmungen\u00bb weder alphabetisch noch systematisch geordnet sind. Rechtssuchende verkennen zudem h\u00e4ufig, dass Juristen sowie Exportverantwortliche nicht die geeigneten Ansprechpartner f\u00fcr die G\u00fcterklassifizierung sind. Vielmehr obliegt diese Aufgabe unternehmensinternen Fachkr\u00e4ften mit detaillierter Produktkenntnis.<\/p><p style=\"font-weight: 400;\">In meiner Funktion als ehemaliger Inhouse-Jurist eines R\u00fcstungs- und Technologieunternehmens und seit nun \u00fcber 10 Jahren als beratender Jurist f\u00fcr Unternehmen aus den Bereichen Defence, Maschinenbau, Technologie und IT m\u00f6chte ich KMU-Inhabern, Exportverantwortlichen und von dieser Thematik betroffenen oder daran interessierten Personen in diesem Kurzbeitrag, ohne den Anspruch auf Vollst\u00e4ndigkeit zu erheben, einige Einblicke geben \u00fcber:<\/p><ol><li>worin die G\u00fcterklassifizierung besteht, wer daf\u00fcr zust\u00e4ndig ist und welche Rolle der Jurist dabei einnimmt;<\/li><li>die einzelnen Schritte der Klassifizierung von G\u00fctern; und<\/li><li>eine Checkliste<\/li><\/ol><p>1. <strong>WORIN BESTEHT DIE G\u00dcTERKLASSIFIZIERUNG UND WER IST DAF\u00dcR ZUST\u00c4NDIG?<\/strong><\/p><p style=\"font-weight: 400;\">Die Klassifizierung von Dual-Use-G\u00fctern gem\u00e4ss den Anh\u00e4ngen 1 und 2 GKV ist keine rein rechtliche Subsumtion, sondern basiert in ihrem Kern auf einer <strong>systematischen technisch-normativen Zuordnung<\/strong>.<\/p><p style=\"font-weight: 400;\">Die Anh\u00e4nge 1 und 2 GKV enthalten eine international harmonisierte, technisch strukturierte G\u00fcterliste, welche auf verschiedenen Exportkontrollregimen (u.a. Wassenaar-Arrangement, MTCR, NSG, Australiengruppe)<sup>[3]<\/sup> beruht. Die einzelnen G\u00fcterpositionen sind anhand <strong>von pr\u00e4zise definierten technischen Merkmalen, Leistungsparametern, Materialien, Funktionen sowie Konstruktionsmerkmalen<\/strong> beschrieben und mittels f\u00fcnfstelliger Exportkontrollnummern (EKN) systematisch gegliedert.<\/p><p style=\"font-weight: 400;\">Entscheidend ist dabei: Ob ein Gut erfasst ist, bestimmt sich ausschliesslich danach, <strong>ob die konkret vorliegenden technischen Eigenschaften eines Produkts die in den jeweiligen Listeneintr\u00e4gen definierten Kriterien erf\u00fcllen<\/strong>. Dies umfasst insbesondere quantitative Schwellenwerte (z.B. Genauigkeit, Leistung, Dimensionen), qualitative Konstruktionsmerkmale (\u201ebesonders konstruiert oder hergerichtet\u201c) sowie funktionale Eigenschaften.<\/p><p style=\"font-weight: 400;\">Diese Pr\u00fcfung kann naturgem\u00e4ss <strong>nicht losgel\u00f6st vom konkreten Produktverst\u00e4ndnis erfolgen<\/strong>. Sie setzt detaillierte Kenntnisse \u00fcber Aufbau, Funktionsweise, Komponenten, Software und verwendete Technologien voraus. Entsprechend ist die prim\u00e4re Klassifizierungsleistung zwingend durch <strong>den technisch sachverst\u00e4ndigen Mitarbeiter des Unternehmens<\/strong> zu erbringen, welcher in der Lage ist, die relevanten Parameter korrekt zu bestimmen und mit den Listeneintr\u00e4gen abzugleichen (z.B. Ingenieure, Produktmanager, F&amp;E).<\/p><p style=\"font-weight: 400;\">Der Jurist \u00fcbernimmt demgegen\u00fcber eine <strong>komplement\u00e4re, aber klar abgegrenzte Funktion<\/strong>: Er interpretiert die rechtlichen Begriffe und Systematik der GKV (z.B. Reichweite von \u201ebesonders konstruiert\u201c, Umgang mit Komponenten oder Technologie, Anwendbarkeit von allgemeinen Anmerkungen), pr\u00fcft die rechtlichen Konsequenzen der Klassifizierung (Bewilligungspflicht, Verbote, Sanktionsrisiken) und stellt die rechtssichere Dokumentation sicher.<\/p><p style=\"font-weight: 400;\">Die GKV selbst best\u00e4tigt diesen technisch gepr\u00e4gten Ansatz, indem sie u.a. festh\u00e4lt, dass die Kontrolle auch einzelne Bestandteile erfassen kann, wenn diese ein wesentliches Element darstellen, und dass bei der Beurteilung technische Faktoren wie Menge, Wert und eingesetztes Know-how zu ber\u00fccksichtigen sind.<\/p><p style=\"font-weight: 400;\">Die G\u00fcterklassifizierung ist somit zwingend als <strong>zweistufiger und interdisziplin\u00e4rer Prozess<\/strong> zu verstehen:<\/p><ul><li><strong>technische Subsumtion<\/strong> durch das Unternehmen (Produktanalyse und Abgleich mit den Listenkriterien); und<\/li><li><strong>rechtliche W\u00fcrdigung<\/strong> durch den Juristen (Einordnung und Konsequenzen)<\/li><\/ul><p>2. <strong>SCHRITTWEISE ANLEITUNG ZUR G\u00dcTERKLASSIFIZIERUNG<\/strong><\/p><p style=\"font-weight: 400;\">Der Praxisrelevanz willen dient in der untenstehenden Anleitung eine CNC-Fr\u00e4smaschine als Beispiel.<\/p><table style=\"font-weight: 400;\" width=\"100%\"><thead><tr><td width=\"245\"><strong>Schritt<\/strong><\/td><td width=\"378\"><strong>Beschreibung<\/strong><\/td><\/tr><\/thead><tbody><tr><td width=\"245\"><strong>1. <\/strong><strong>Technisches Verst\u00e4ndnis:<\/strong><\/td><td width=\"378\"><p>Die G\u00fcterklassifizierung beginnt nicht in den G\u00fcterlisten selbst, sondern beim Produkt selbst.<\/p><p>Vor jeder Pr\u00fcfung m\u00fcssen die technischen Eigenschaften des Produkts, i.c. der gegenst\u00e4ndlichen CNC-Fr\u00e4smaschine, vollst\u00e4ndig bekannt sein, insbesondere:<\/p><ul><li>technische Spezifikationen<\/li><li>Leistungsdaten<\/li><li>Materialzusammensetzung<\/li><li>Funktionen<\/li><li>Verwendungszweck<\/li><li>Software- oder Technologiebezug<\/li><\/ul><p>Ohne diese Angaben ist eine rechtssichere Einordnung nicht m\u00f6glich.<\/p><p><span style=\"color: #008000;\"><strong><u>Praxisregel:<\/u><\/strong><\/span> Nicht die Produktbezeichnung ist massgebend, sondern ausschliesslich die technische Beschaffenheit.<\/p><p><span style=\"color: #ff0000;\"><strong><u>Achtung:<\/u><\/strong><\/span> Nicht nur das Endprodukt z\u00e4hlt, sondern auch dessen Komponenten.<\/p><\/td><\/tr><tr><td width=\"245\"><strong>2. <\/strong><strong>Relevanzpr\u00fcfung:<\/strong><\/td><td width=\"378\"><p>Nach den gem\u00e4ss Punkt 1 definierten technischen Beschaffenheit ist das Dual-Use-Risiko zu pr\u00fcfen. Dabei sind folgende Fragen zu beantworten:<\/p><ul><li>K\u00f6nnte das Produkt auch milit\u00e4risch genutzt werden?<\/li><li>Geh\u00f6rt es typischerweise zu Technologie-, Maschinenbau-, IT-, Chemie- oder Elektronikkomponenten?<\/li><\/ul><p>Wenn ja, ist die Pr\u00fcfung zwingend.<\/p><\/td><\/tr><tr><td width=\"245\"><strong>3. <\/strong><strong>Ermittlung der Exportkontrollnummer:<\/strong><\/td><td width=\"378\"><p>Als erster Schritt empfiehlt sich die Ermittlung der Zolltarifnummer des Produkts via <a href=\"https:\/\/xtares.admin.ch\/tares\/main\/mainFormFiller.do;jsessionid=eOG-qqnweHTsAArBKaYJGw7dMeHimaxt96fVWso98pcOb5GEaoiw!443851127\">TARES<\/a>, dem Schweizer Zolltarif.<\/p><p>Diese liefert zwar keine verbindliche Exportkontrollklassifizierung, erleichtert aber die Suche nach einer m\u00f6glichen Exportkontrollnummer (EKN).<\/p><\/td><\/tr><tr><td width=\"245\"><strong>3.1. <\/strong><strong>via Zolltarifnummer:<\/strong><\/td><td width=\"378\"><p>Die Zolltarifnummer dient somit als <strong>Orientierungspunkt<\/strong>, ersetzt jedoch niemals die materielle Pr\u00fcfung anhand der G\u00fcterlisten. Das ist insbesondere der Fall, wenn die EKN entweder nicht aufgef\u00fchrt ist oder der Hinweis \u00abbewilligungspflichtig\u00bb steht.<\/p><p><img fetchpriority=\"high\" decoding=\"async\" class=\"alignnone size-large wp-image-3463\" src=\"https:\/\/thommen-law.ch\/wp-content\/uploads\/2026\/04\/3_1-1024x548.jpg\" alt=\"\" width=\"1024\" height=\"548\" srcset=\"https:\/\/thommen-law.ch\/wp-content\/uploads\/2026\/04\/3_1-1024x548.jpg 1024w, https:\/\/thommen-law.ch\/wp-content\/uploads\/2026\/04\/3_1-300x161.jpg 300w, https:\/\/thommen-law.ch\/wp-content\/uploads\/2026\/04\/3_1-768x411.jpg 768w, https:\/\/thommen-law.ch\/wp-content\/uploads\/2026\/04\/3_1-1320x706.jpg 1320w, https:\/\/thommen-law.ch\/wp-content\/uploads\/2026\/04\/3_1.jpg 1536w\" sizes=\"(max-width: 1024px) 100vw, 1024px\" \/><\/p><p>Im vorliegenden Beispiel lautet die Zolltarifnummer der CNC-Fr\u00e4smaschine 8459.1000; eine EKN ist nicht aufgef\u00fchrt jedoch der Hinweis bewilligungspflichtig, weshalb die EKN mittels Umschl\u00fcsselung gem\u00e4ss Punkt 3.2 zu ermitteln ist.<\/p><p>Falls die EKN im TARES angegeben ist, kann direkt zu Punkt 4 \u00fcbergangen werden.<\/p><\/td><\/tr><tr><td width=\"245\"><strong>3.2. <\/strong><strong>via Umschl\u00fcsselung:<\/strong><\/td><td width=\"378\"><p>Ermittlung der EKN via <a href=\"https:\/\/www.seco.admin.ch\/seco\/de\/home\/Aussenwirtschaftspolitik_Wirtschaftliche_Zusammenarbeit\/Wirtschaftsbeziehungen\/exportkontrollen-und-sanktionen\/exportkontrolle_industriegueter\/formulare-merkblaetter.html\">Umschl\u00fcsselungsverzeichnis<\/a> mittels Eingabe der Zolltarifnummer.<\/p><p><img decoding=\"async\" class=\"alignnone size-full wp-image-3465\" src=\"https:\/\/thommen-law.ch\/wp-content\/uploads\/2026\/04\/3_2.jpg\" alt=\"\" width=\"832\" height=\"493\" srcset=\"https:\/\/thommen-law.ch\/wp-content\/uploads\/2026\/04\/3_2.jpg 832w, https:\/\/thommen-law.ch\/wp-content\/uploads\/2026\/04\/3_2-300x178.jpg 300w, https:\/\/thommen-law.ch\/wp-content\/uploads\/2026\/04\/3_2-768x455.jpg 768w\" sizes=\"(max-width: 832px) 100vw, 832px\" \/><\/p><p>Die EKN \u2013 links Umschl\u00fcsselungsverzeichnis \u2013 setzt sich zusammen aus \u00abKategorie \u2013 Gattung \u2013 Kennzeichnungsnummer\u00bb und zus\u00e4tzlichen Ziffern sowie Buchstaben, so wie sie in der G\u00fcterliste ersichtlich sind (siehe mehr dazu in Punkt 4). Im vorliegenden Beispiel lauten die EKN 2B001f, 2B001b, und 2B201a.<\/p><\/td><\/tr><tr><td width=\"245\"><strong>4. <\/strong><strong>GKV-Anhnangabgleich:<\/strong><\/td><td width=\"378\"><p>Anhand der unter Punkt 3 ermittelten EKN sind die technischen Merkmale mit den G\u00fcterlisten abzugleichen. Die Pr\u00fcfung erfolgt stets von oben nach unten nach folgendem Schema:<\/p><ul><li>Welche Kategorie passt zum Produkt (erste Ziffer der EKN)?<\/li><li>Welche Gattung ist einschl\u00e4gig (Grossbuchstabe nach der ersten Ziffer)?<\/li><li>Erf\u00fcllt das Gut den die Schwellenwerte gem\u00e4ss Kontrolltext (ergibt sich aus der Kennung)?<\/li><\/ul><p>Erst wenn <strong>alle technischen Merkmale des Kontrolltexts erf\u00fcllt sind<\/strong>, ist das Gut klassifiziert.<\/p><p><span style=\"color: #008000;\"><strong><u>Praxisregel:<\/u> <\/strong><\/span>Nie aufgrund von Produktenamen, sondern immer anhand messbarer technischer Kriterien klassifizieren<strong>.<\/strong><\/p><p><span style=\"color: #ff0000;\"><strong><u>Achtung<\/u><\/strong>:<\/span> Jede Klassifizierung ist eine technische Subsumption und kein bloss Stichwort-Matching.<\/p><\/td><\/tr><tr><td width=\"245\"><strong>4.1. <\/strong><strong>Anwendbarer GKV-Anhang:<\/strong><\/td><td width=\"378\"><p>Im Zentrum steht der Abgleich der technischen Merkmale mit den G\u00fcterlisten in:<\/p><ul><li>Anhang 1 GKV (Dual-Use-G\u00fcter)<\/li><li>Anhang 2 GKV (national kontrollierte G\u00fcter)<\/li><\/ul><p>Die G\u00fcterlisten sind systematisch aufgebaut:<\/p><ul><li>nach Kategorien (Produktbereiche):<ul><li>Kategorie 0: kerntechnische Materialien, Anlagen und Ausr\u00fcstung<\/li><li>Kategorie 1: Besondere Werkstoffe und Materialien und zugeh\u00f6rige Ausr\u00fcstung<\/li><li>Kategorie 2: Werkstoffbearbeitung<\/li><li>Kategorie 3: Allgemeine Elektronik<\/li><li>Kategorie 4: Rechner<\/li><li>Kategorie 5: Telekommunikation und Informationssicherheit<\/li><li>Kategorie 6: Sensoren und Laser<\/li><li>Kategorie 7: Luftfahrtelektronik und Navigation<\/li><li>Kategorie 8: Meeres- und Schiffstechnik<\/li><li>Kategorie 9: Luftfahrt, Raumfahrt und Antriebe<\/li><\/ul><\/li><li>nach Gattungen:<ul><li>Gattung A: Systeme, Ausr\u00fcstungen und Bestandteile<\/li><li>Gattung B: Pr\u00fcf-, Test- und Herstellungseinrichtungen<\/li><li>Gattung C: Werkstoffe und Materialien<\/li><li>Gattung D: Datenverarbeitungsprogramme (Software)<\/li><li>Gattung E: Technologie<\/li><\/ul><\/li><li>nach Kontrolltext mit technischen Schwellenwerten<\/li><\/ul><p>Im vorliegenden Beispiel lauten die EKN 2B001f, 2B001b, und 2B201a, wobei:<\/p><p>&#8211; die erste Ziffer die Kategorie \u2013 i.c. 2 = Werkstoffbearbeitung;<\/p><p>&#8211; der Buchstabe die Gattung \u2013 i.c. B = Pr\u00fcf-, Test- und Herstellungseinrichtungen;<\/p><p>&#8211; die dreistellige Zahl nach dem Gattungsbuchstaben ist die Kennung, die angibt, aus welcher G\u00fcterliste des betreffenden Kontrollregimes das Gut \u00fcbernommen wurde. Innerhalb der Kennung kann es zu Unternummern geben, deren Nummerierung sich durch Wechsel von Buchstabe und Ziffer ergibt.<\/p><p>(Auszug aus Anhang 2 GVK zu EKN 2B201)<\/p><p><img decoding=\"async\" class=\"alignnone size-full wp-image-3467\" src=\"https:\/\/thommen-law.ch\/wp-content\/uploads\/2026\/04\/4_1.jpg\" alt=\"\" width=\"676\" height=\"300\" srcset=\"https:\/\/thommen-law.ch\/wp-content\/uploads\/2026\/04\/4_1.jpg 676w, https:\/\/thommen-law.ch\/wp-content\/uploads\/2026\/04\/4_1-300x133.jpg 300w\" sizes=\"(max-width: 676px) 100vw, 676px\" \/><\/p><\/td><\/tr><tr><td width=\"245\"><strong>4.2. <\/strong><strong>Technische Schwellenwerte:<\/strong><\/td><td width=\"378\"><p>Zu pr\u00fcfen ist, ob die Schwellenwerte (z.B. Leistung, Genauigkeit) erreicht werden.<\/p><p>(Auszug aus Anhang 2 GVK zu EKN 2B201a)<\/p><p><img loading=\"lazy\" decoding=\"async\" class=\"alignnone size-full wp-image-3469\" src=\"https:\/\/thommen-law.ch\/wp-content\/uploads\/2026\/04\/4_2.jpg\" alt=\"\" width=\"623\" height=\"275\" srcset=\"https:\/\/thommen-law.ch\/wp-content\/uploads\/2026\/04\/4_2.jpg 623w, https:\/\/thommen-law.ch\/wp-content\/uploads\/2026\/04\/4_2-300x132.jpg 300w\" sizes=\"(max-width: 623px) 100vw, 623px\" \/><\/p><p><span style=\"color: #ff0000;\"><strong><u>Achtung:<\/u><\/strong><\/span> Bereits kleinste Abweichungen k\u00f6nnen dar\u00fcber entscheiden, ob ein Gut kontrolliert ist oder nicht.<\/p><p>Ein gut gilt als kontrolliert und ist exportbewilligungspflichtig nur, wenn <u>alle <\/u>Kriterien erf\u00fcllt sind.<\/p><\/td><\/tr><tr><td width=\"245\"><strong>4.3. <\/strong><strong>Komponenten:<\/strong><\/td><td width=\"378\"><p>Pr\u00fcfung relevanter Bestandteile. Ein Gut kann kontrolliert sein, wenn:<\/p><p>&#8211; kontrollierte Komponenten enthalten sind; und<\/p><p>&#8211; diese mehr als 25% des Werts ausmachen.<\/p><p>(Auszug aus Anhang 2 GKV zu KNN 2B201b)<\/p><\/td><\/tr><tr><td width=\"245\"><strong>5. <\/strong><strong>Interne Dokumentation:<\/strong><strong>(Einordnung)<\/strong><\/td><td width=\"378\"><p>Die Klassifizierungsentscheidung muss nachvollziehbar dokumentiert werden. Dazu geh\u00f6ren:<\/p><p>&#8211; die technische Produktbeschreibung (f\u00fcr das vorliegende Beispiel der CNC-Fr\u00e4smaschine auch das <a href=\"https:\/\/www.seco.admin.ch\/seco\/de\/home\/Aussenwirtschaftspolitik_Wirtschaftliche_Zusammenarbeit\/Wirtschaftsbeziehungen\/exportkontrollen-und-sanktionen\/exportkontrolle_industriegueter\/formulare-merkblaetter.html\">Formular CNC-Werkzeugmaschinen des SECO<\/a>);<\/p><p>&#8211; der gepr\u00fcfte G\u00fcterlisteneintrag<\/p><p>&#8211; die Begr\u00fcndung der Zuordnung oder Nicht-Zuordnung<\/p><p>&#8211; falls zugeordnet, die EKN bspw. im ERP, Materialstammdaten oder in Klassifizierungslisten erfassen<\/p><p>&#8211; das Datum der Pr\u00fcfung<\/p><p>&#8211; die Angabe der verantwortlichen Person<\/p><p><span style=\"color: #ff0000;\"><strong><u>Achtung:<\/u><\/strong><\/span> Diese Dokumentation ist von zentraler Bedeutung f\u00fcr interne Audits, SECO-Anfragen und f\u00fcr den Nachweis der Sorgfaltspflicht.<\/p><p><span style=\"color: #ff0000;\"><strong>Ohne oder mit unvollst\u00e4ndiger Dokumentation gilt eine Klassifikation im Streitfall als <u>nicht erfolgt<\/u>.<\/strong><\/span><\/p><\/td><\/tr><tr><td width=\"245\"><strong>6. <\/strong><strong>Juristische \u00dcberpr\u00fcfung der Einordnung:<\/strong><strong>(Konsequenzen)<\/strong><\/td><td width=\"378\"><p>Ungeachtet, ob das Gut gelistet ist oder nicht:<\/p><p>&#8211; Pr\u00fcfung <a href=\"https:\/\/www.seco.admin.ch\/seco\/de\/home\/Aussenwirtschaftspolitik_Wirtschaftliche_Zusammenarbeit\/Wirtschaftsbeziehungen\/exportkontrollen-und-sanktionen\/sanktionen-embargos\/sanktionsmassnahmen.html\">Embargo und Sanktionsmassnahmen gegen Empf\u00e4ngerland, -organisation oder -person<\/a><\/p><p>&#8211; Wenn das Gut nicht gelistet ist: Pr\u00fcfung, ob das Gut von der Catch-all-Klausel<sup>[4]<\/sup> erfasst ist.<\/p><p>Wenn das Gut gelistet ist, bedarf es einer Exportbewilligung.<\/p><\/td><\/tr><\/tbody><\/table><p><span style=\"font-weight: 400;\">\u00a0<\/span><\/p><p>3. <strong>CHECKLISTE <\/strong><\/p><table style=\"font-weight: 400;\" width=\"624\"><tbody><tr><td style=\"background-color: #cad8ef;\"><span style=\"color: #008000 !important; font-weight: bold;\">\u2713<\/span><\/td><td style=\"background-color: #cad8ef;\"><strong>Pr\u00fcfschritt<\/strong><\/td><\/tr><tr><td>\u2610<\/td><td>Produkt verstanden<\/td><\/tr><tr><td>\u2610<\/td><td>Relevanz gepr\u00fcft<\/td><\/tr><tr><td>\u2610<\/td><td>Zolltarifnummer<\/td><\/tr><tr><td>\u2610<\/td><td>EKN<\/td><\/tr><tr><td>\u2610<\/td><td>GKV gepr\u00fcft<\/td><\/tr><tr><td>\u2610<\/td><td>Parameter gepr\u00fcft<\/td><\/tr><tr><td>\u2610<\/td><td>Komponenten<\/td><\/tr><tr><td>\u2610<\/td><td>Dokumentation<\/td><\/tr><tr><td>\u2610<\/td><td>Bewilligung<\/td><\/tr><\/tbody><\/table><p style=\"font-weight: 400;\"><strong>ZUSAMMENFASSUNG<\/strong><\/p><p style=\"font-weight: 400;\">Zusammenfassend sind folgende Erkenntnisse festzuhalten:<\/p><ul><li>Die G\u00fcterklassifizierung nach den Anh\u00e4ngen 1 und 2 GKV ist der zentrale Schritt jeder Exportkontrolle.<\/li><\/ul><ul><li>Die G\u00fcterklassifizierung ist ein zweistufiger interdisziplin\u00e4rer Prozess bestehend aus:<\/li><\/ul><ul><li style=\"list-style-type: none;\"><ul><li>der technischen Subsumption bzw. der systematischen technisch-normativen Zuordnung des Gutes durch Fachpersonen des Unternehmens mit tiefer Produktkenntnis; und<\/li><\/ul><\/li><\/ul><ul><li style=\"list-style-type: none;\"><ul><li>der juristischen \u00dcberpr\u00fcfung der Einordnung und der daraus resultierenden g\u00fcterkontrollrechtlichen Konsequenzen.<\/li><\/ul><\/li><li>Die Klassifizierung ist keine reine Verwaltungsaufgabe, sondern ein wesentlicher Bestandteil eines funktionierenden und mithin ICP-konformen Exportkontrollsystems.<\/li><\/ul><p>_________<\/p><p><strong>[1]<\/strong> Bundesgesetz \u00fcber die Kontrolle zivil und milit\u00e4risch verwendbarer G\u00fcter, besonderer milit\u00e4rischer G\u00fcter sowie strategischer G\u00fcter vom 13. Dezember 1996, GKG, SR 946.202.<\/p><p><strong>[2]<\/strong> Verordnung \u00fcber die Kontrolle zivil und milit\u00e4risch verwendbarer G\u00fcter, besonderer milit\u00e4rischer G\u00fcter sowie strategischer G\u00fcter vom 3. Juni 2016, GVK, SR 946.202.1.<\/p><p><strong>[3]<\/strong> Petermann Frank, Dual Use, Aspekte des Bundesgesetzes \u00fcber die Kontrolle zivil und milit\u00e4risch verwendbarer G\u00fcter sowie besonderer milit\u00e4rischer G\u00fcter un der G\u00fcterlisten, Z\u00fcrich\/St. Gallen 2014, N. 70 &#8211; 95.<\/p><p><strong>[4]<\/strong> Art. 4 GKG. Diese &#8220;Catch-all&#8221;- oder auch Auffangklausel erweitert die Kontrolle auf G\u00fcter, die nicht explizit in den offiziellen G\u00fcterlisten aufgef\u00fchrt sind.<\/p>\t\t\t\t\t\t\t\t<\/div>\n\t\t\t\t<\/div>\n\t\t\t\t\t<\/div>\n\t\t<\/div>\n\t\t\t\t\t<\/div>\n\t\t<\/section>\n\t\t\t\t<section class=\"elementor-section elementor-top-section elementor-element elementor-element-4d5240d elementor-section-stretched elementor-section-full_width elementor-section-content-middle elementor-section-height-default elementor-section-height-default\" data-id=\"4d5240d\" data-element_type=\"section\" data-e-type=\"section\" data-settings=\"{&quot;stretch_section&quot;:&quot;section-stretched&quot;}\">\n\t\t\t\t\t\t\t<div class=\"elementor-background-overlay\"><\/div>\n\t\t\t\t\t\t\t<div class=\"elementor-container elementor-column-gap-default\">\n\t\t\t\t\t<div class=\"elementor-column elementor-col-100 elementor-top-column elementor-element elementor-element-66fe454\" data-id=\"66fe454\" data-element_type=\"column\" data-e-type=\"column\">\n\t\t\t<div class=\"elementor-widget-wrap elementor-element-populated\">\n\t\t\t\t\t\t<div class=\"elementor-element elementor-element-cf51adc elementor-widget elementor-widget-text-editor\" data-id=\"cf51adc\" data-element_type=\"widget\" data-e-type=\"widget\" data-widget_type=\"text-editor.default\">\n\t\t\t\t<div class=\"elementor-widget-container\">\n\t\t\t\t\t\t\t\t\t<pre>\u00a9 Thommen Law &amp; Risk Management GmbH | <a href=\"https:\/\/thommen-law.ch\/en\/impressum\/\">Impressum<\/a> | <a href=\"https:\/\/thommen-law.ch\/en\/privacy-policy\/\">Privacy policy<\/a><\/pre>\t\t\t\t\t\t\t\t<\/div>\n\t\t\t\t<\/div>\n\t\t\t\t\t<\/div>\n\t\t<\/div>\n\t\t\t\t\t<\/div>\n\t\t<\/section>\n\t\t\t\t<\/div>\n\t\t","protected":false},"excerpt":{"rendered":"<p>In the article \u201cExport Control in the Export of Dual-Use Goods Under Control? A Brief Guide\u201d, the basic principles of export control for dual-use goods were explained. However, the actual process of goods classification was only touched upon briefly, as a more detailed discussion would have gone beyond the scope of the article.<br \/>\nHowever, goods classification is the cornerstone of goods control: it answers the central question of whether goods are to be qualified as controlled goods within the meaning of the Goods Control Act and\/or the annexes to the Goods Control Ordinance, and whether their export therefore requires an authorization from SECO.<\/p>\n","protected":false},"author":7,"featured_media":3461,"comment_status":"closed","ping_status":"open","sticky":false,"template":"","format":"standard","meta":{"footnotes":""},"categories":[1],"tags":[],"class_list":["post-3459","post","type-post","status-publish","format-standard","has-post-thumbnail","hentry","category-unkategorisiert"],"_links":{"self":[{"href":"https:\/\/thommen-law.ch\/en\/wp-json\/wp\/v2\/posts\/3459","targetHints":{"allow":["GET"]}}],"collection":[{"href":"https:\/\/thommen-law.ch\/en\/wp-json\/wp\/v2\/posts"}],"about":[{"href":"https:\/\/thommen-law.ch\/en\/wp-json\/wp\/v2\/types\/post"}],"author":[{"embeddable":true,"href":"https:\/\/thommen-law.ch\/en\/wp-json\/wp\/v2\/users\/7"}],"replies":[{"embeddable":true,"href":"https:\/\/thommen-law.ch\/en\/wp-json\/wp\/v2\/comments?post=3459"}],"version-history":[{"count":10,"href":"https:\/\/thommen-law.ch\/en\/wp-json\/wp\/v2\/posts\/3459\/revisions"}],"predecessor-version":[{"id":3532,"href":"https:\/\/thommen-law.ch\/en\/wp-json\/wp\/v2\/posts\/3459\/revisions\/3532"}],"wp:featuredmedia":[{"embeddable":true,"href":"https:\/\/thommen-law.ch\/en\/wp-json\/wp\/v2\/media\/3461"}],"wp:attachment":[{"href":"https:\/\/thommen-law.ch\/en\/wp-json\/wp\/v2\/media?parent=3459"}],"wp:term":[{"taxonomy":"category","embeddable":true,"href":"https:\/\/thommen-law.ch\/en\/wp-json\/wp\/v2\/categories?post=3459"},{"taxonomy":"post_tag","embeddable":true,"href":"https:\/\/thommen-law.ch\/en\/wp-json\/wp\/v2\/tags?post=3459"}],"curies":[{"name":"wp","href":"https:\/\/api.w.org\/{rel}","templated":true}]}}